{"id":19826,"date":"2024-03-19T15:02:34","date_gmt":"2024-03-19T14:02:34","guid":{"rendered":"https:\/\/www.amt3.it\/filovia-varate-le-travi-per-il-ponte-di-via-citta-di-nimes\/"},"modified":"2024-07-25T14:09:12","modified_gmt":"2024-07-25T13:09:12","slug":"bruecke-in-via-citta-di-nimes","status":"publish","type":"post","link":"https:\/\/www.amt3.it\/de\/bruecke-in-via-citta-di-nimes\/","title":{"rendered":"Oberleitungsbus, Tragwerk f\u00fcr die Br\u00fccke in Via Citt\u00e0 di Nimes fertiggestellt"},"content":{"rendered":"<div class=\"fusion-fullwidth fullwidth-box fusion-builder-row-1 fusion-flex-container has-pattern-background has-mask-background nonhundred-percent-fullwidth non-hundred-percent-height-scrolling\" style=\"--awb-border-radius-top-left:0px;--awb-border-radius-top-right:0px;--awb-border-radius-bottom-right:0px;--awb-border-radius-bottom-left:0px;--awb-padding-right:0px;--awb-padding-left:0px;--awb-flex-wrap:wrap;\" ><div class=\"fusion-builder-row fusion-row fusion-flex-align-items-flex-start fusion-flex-content-wrap\" style=\"max-width:1248px;margin-left: calc(-4% \/ 2 );margin-right: calc(-4% \/ 2 );\"><div class=\"fusion-layout-column fusion_builder_column fusion-builder-column-0 fusion_builder_column_1_1 1_1 fusion-flex-column\" style=\"--awb-bg-size:cover;--awb-width-large:100%;--awb-margin-top-large:0px;--awb-spacing-right-large:1.92%;--awb-margin-bottom-large:0px;--awb-spacing-left-large:1.92%;--awb-width-medium:100%;--awb-spacing-right-medium:1.92%;--awb-spacing-left-medium:1.92%;--awb-width-small:100%;--awb-spacing-right-small:1.92%;--awb-spacing-left-small:1.92%;\"><div class=\"fusion-column-wrapper fusion-flex-justify-content-flex-start fusion-content-layout-column\"><div class=\"fusion-text fusion-text-1\"><p>Ein wichtiger Tag f\u00fcr die Obus-Baustelle in der Via Citt\u00e0 di Nimes. Heute wurden die letzten acht Tr\u00e4ger eingebaut, die f\u00fcr die Fertigstellung des Tragwerks der Unterf\u00fchrung erforderlich sind. \u00dcber dieses werden nach Abschluss der Arbeiten die Fahrzeuge des \u00f6ffentlichen Nahverkehrs fahren.<\/p>\n<p>Der Einbau des Tragwerks ist eine wesentliche Etappe, um mit dem zweiten Teil der Infrastruktur fortzufahren und die Arbeiten planm\u00e4\u00dfig abzuschlie\u00dfen. Ziel dieser Projektphase bleibt die Er\u00f6ffnung der Unterf\u00fchrung vor der Vinitaly, die vom 14. bis 17. April stattfindet.<\/p>\n<p>Dies wird zu einer erheblichen Verbesserung des Verkehrssystems nicht nur in dieser Zone, sondern im gesamten Stadtverkehr f\u00fchren, da die Verkehrsadern rund um das Viertel entlastet werden und die Autofahrer die Stadt ohne Unterbrechung von der Porta Palio bis zur Breccia Cappuccini und umgekehrt durchqueren k\u00f6nnen.<\/p>\n<p>In wenigen Wochen werden auch die Ein- und Ausfahrtsrampen des Tunnels an der Porta Nuova fertiggestellt sein, womit das neue, mit der Baustelle in Via Citt\u00e0 di Nimes verbundene Verkehrssystem abgeschlossen sein wird und Vorteile f\u00fcr den gesamten Stadtverkehr bringen wird.<\/p>\n<\/div><div class=\"fusion-video fusion-youtube\" style=\"--awb-max-width:600px;--awb-max-height:360px;--awb-margin-top:20px;\"><div class=\"video-shortcode\"><div class=\"fluid-width-video-wrapper\" style=\"padding-top:60%;\" ><iframe title=\"YouTube video player 1\" src=\"https:\/\/www.youtube.com\/embed\/pLXjQBhfalQ?wmode=transparent&autoplay=0\" width=\"600\" height=\"360\" allowfullscreen allow=\"autoplay; clipboard-write; encrypted-media; gyroscope; picture-in-picture;\"><\/iframe><\/div><\/div><\/div><\/div><\/div><\/div><\/div>\n","protected":false},"excerpt":{"rendered":"","protected":false},"author":5,"featured_media":19817,"comment_status":"closed","ping_status":"closed","sticky":false,"template":"","format":"standard","meta":{"_acf_changed":false,"footnotes":""},"categories":[96],"tags":[],"class_list":["post-19826","post","type-post","status-publish","format-standard","has-post-thumbnail","hentry","category-oberleitungsbus"],"acf":[],"_links":{"self":[{"href":"https:\/\/www.amt3.it\/de\/wp-json\/wp\/v2\/posts\/19826","targetHints":{"allow":["GET"]}}],"collection":[{"href":"https:\/\/www.amt3.it\/de\/wp-json\/wp\/v2\/posts"}],"about":[{"href":"https:\/\/www.amt3.it\/de\/wp-json\/wp\/v2\/types\/post"}],"author":[{"embeddable":true,"href":"https:\/\/www.amt3.it\/de\/wp-json\/wp\/v2\/users\/5"}],"replies":[{"embeddable":true,"href":"https:\/\/www.amt3.it\/de\/wp-json\/wp\/v2\/comments?post=19826"}],"version-history":[{"count":3,"href":"https:\/\/www.amt3.it\/de\/wp-json\/wp\/v2\/posts\/19826\/revisions"}],"predecessor-version":[{"id":20067,"href":"https:\/\/www.amt3.it\/de\/wp-json\/wp\/v2\/posts\/19826\/revisions\/20067"}],"wp:featuredmedia":[{"embeddable":true,"href":"https:\/\/www.amt3.it\/de\/wp-json\/wp\/v2\/media\/19817"}],"wp:attachment":[{"href":"https:\/\/www.amt3.it\/de\/wp-json\/wp\/v2\/media?parent=19826"}],"wp:term":[{"taxonomy":"category","embeddable":true,"href":"https:\/\/www.amt3.it\/de\/wp-json\/wp\/v2\/categories?post=19826"},{"taxonomy":"post_tag","embeddable":true,"href":"https:\/\/www.amt3.it\/de\/wp-json\/wp\/v2\/tags?post=19826"}],"curies":[{"name":"wp","href":"https:\/\/api.w.org\/{rel}","templated":true}]}}