{"id":19816,"date":"2024-03-21T15:38:40","date_gmt":"2024-03-21T14:38:40","guid":{"rendered":"https:\/\/www.amt3.it\/filovia-in-via-pisano-la-durata-del-cantiere-passa-da-4-a-2-mesi\/"},"modified":"2024-07-25T14:06:28","modified_gmt":"2024-07-25T13:06:28","slug":"via-pisano-verkuerzung-der-bauzeit","status":"publish","type":"post","link":"https:\/\/www.amt3.it\/de\/via-pisano-verkuerzung-der-bauzeit\/","title":{"rendered":"Oberleitungsbus, in der Via Pisano Verk\u00fcrzung der Bauzeit von 4 auf 2 Monate"},"content":{"rendered":"<div class=\"fusion-fullwidth fullwidth-box fusion-builder-row-1 fusion-flex-container has-pattern-background has-mask-background nonhundred-percent-fullwidth non-hundred-percent-height-scrolling\" style=\"--awb-border-radius-top-left:0px;--awb-border-radius-top-right:0px;--awb-border-radius-bottom-right:0px;--awb-border-radius-bottom-left:0px;--awb-padding-right:0px;--awb-padding-left:0px;--awb-flex-wrap:wrap;\" ><div class=\"fusion-builder-row fusion-row fusion-flex-align-items-flex-start fusion-flex-content-wrap\" style=\"max-width:1248px;margin-left: calc(-4% \/ 2 );margin-right: calc(-4% \/ 2 );\"><div class=\"fusion-layout-column fusion_builder_column fusion-builder-column-0 fusion_builder_column_1_1 1_1 fusion-flex-column\" style=\"--awb-bg-size:cover;--awb-width-large:100%;--awb-margin-top-large:0px;--awb-spacing-right-large:1.92%;--awb-margin-bottom-large:0px;--awb-spacing-left-large:1.92%;--awb-width-medium:100%;--awb-spacing-right-medium:1.92%;--awb-spacing-left-medium:1.92%;--awb-width-small:100%;--awb-spacing-right-small:1.92%;--awb-spacing-left-small:1.92%;\"><div class=\"fusion-column-wrapper fusion-flex-justify-content-flex-start fusion-content-layout-column\"><div class=\"fusion-text fusion-text-1\"><p>Neun Wochen Arbeit in sieben Tagen geschafft: Das ist in der Via Pisano geschehen, wo von den f\u00fcnf angek\u00fcndigten Phasen die ersten drei bereits abgeschlossen sind. Eine Baustelle im Eiltempo, bei der die Pr\u00fcfung der Fahrbahnplatten Gl\u00fcck gebracht hat, mit sehr beruhigenden Ergebnissen hinsichtlich des guten Zustands des bestehenden Stra\u00dfenk\u00f6rpers, der sich als geeignet f\u00fcr die Durchfahrt des k\u00fcnftigen Obusses erwiesen hat.<br \/>\nSo konnten die gefr\u00e4sten Abschnitte sofort neu asphaltiert und die Fahrbahnmarkierungen angebracht werden. In den n\u00e4chsten Stunden werden die Maschinen und Mitarbeiter des Unternehmens den Bereich vollst\u00e4ndig r\u00e4umen, damit der Verkehr bis Mitte April wieder normal flie\u00dfen kann. F\u00fcr die Arbeiten an den beiden verbleibenden Abschnitten werden dann die erforderlichen Pr\u00fcfungen durch Acqueveronesi erwartet.<\/p>\n<\/div><\/div><\/div><\/div><\/div>\n","protected":false},"excerpt":{"rendered":"","protected":false},"author":5,"featured_media":19817,"comment_status":"closed","ping_status":"closed","sticky":false,"template":"","format":"standard","meta":{"_acf_changed":false,"footnotes":""},"categories":[96],"tags":[],"class_list":["post-19816","post","type-post","status-publish","format-standard","has-post-thumbnail","hentry","category-oberleitungsbus"],"acf":[],"_links":{"self":[{"href":"https:\/\/www.amt3.it\/de\/wp-json\/wp\/v2\/posts\/19816","targetHints":{"allow":["GET"]}}],"collection":[{"href":"https:\/\/www.amt3.it\/de\/wp-json\/wp\/v2\/posts"}],"about":[{"href":"https:\/\/www.amt3.it\/de\/wp-json\/wp\/v2\/types\/post"}],"author":[{"embeddable":true,"href":"https:\/\/www.amt3.it\/de\/wp-json\/wp\/v2\/users\/5"}],"replies":[{"embeddable":true,"href":"https:\/\/www.amt3.it\/de\/wp-json\/wp\/v2\/comments?post=19816"}],"version-history":[{"count":2,"href":"https:\/\/www.amt3.it\/de\/wp-json\/wp\/v2\/posts\/19816\/revisions"}],"predecessor-version":[{"id":19819,"href":"https:\/\/www.amt3.it\/de\/wp-json\/wp\/v2\/posts\/19816\/revisions\/19819"}],"wp:featuredmedia":[{"embeddable":true,"href":"https:\/\/www.amt3.it\/de\/wp-json\/wp\/v2\/media\/19817"}],"wp:attachment":[{"href":"https:\/\/www.amt3.it\/de\/wp-json\/wp\/v2\/media?parent=19816"}],"wp:term":[{"taxonomy":"category","embeddable":true,"href":"https:\/\/www.amt3.it\/de\/wp-json\/wp\/v2\/categories?post=19816"},{"taxonomy":"post_tag","embeddable":true,"href":"https:\/\/www.amt3.it\/de\/wp-json\/wp\/v2\/tags?post=19816"}],"curies":[{"name":"wp","href":"https:\/\/api.w.org\/{rel}","templated":true}]}}